{"id":4135,"date":"2022-09-23T11:41:47","date_gmt":"2022-09-23T14:41:47","guid":{"rendered":"https:\/\/www.verdadeon.com.br\/obituario\/?p=4135"},"modified":"2022-09-23T11:41:47","modified_gmt":"2022-09-23T14:41:47","slug":"mauro-silva-dos-santos","status":"publish","type":"post","link":"https:\/\/www.verdadeon.com.br\/obituario\/?p=4135","title":{"rendered":"MAURO SILVA DOS SANTOS"},"content":{"rendered":"<div id=\"dslc-theme-content\"><div id=\"dslc-theme-content-inner\"><p>Idade:<\/p>\n<p>Local do vel\u00f3rio: VEL\u00d3RIO MUNICIPAL SANTO AGOSTINHO &#8211; SALA 01 [14:00 \u00e0s 15:50<\/p>\n<p>]Funer\u00e1ria: FUNER\u00c1RIA FRANCANA<\/p>\n<p>Cemit\u00e9rio: CEMIT\u00c9RIO PARQUE SANTO AGOSTINHO<\/p>\n<p><label>Hor\u00e1rio previsto do sepultamento:\u00a0<\/label>15:50<\/p>\n<p>Data: 22\/09\/2022<\/p>\n<\/div><\/div>","protected":false},"excerpt":{"rendered":"<p>Idade: Local do vel\u00f3rio: VEL\u00d3RIO MUNICIPAL SANTO AGOSTINHO &#8211; SALA 01 [14:00 \u00e0s 15:50 ]Funer\u00e1ria: FUNER\u00c1RIA FRANCANA Cemit\u00e9rio: CEMIT\u00c9RIO PARQUE SANTO AGOSTINHO Hor\u00e1rio previsto do sepultamento:\u00a015:50 Data: 22\/09\/2022<\/p>\n","protected":false},"author":1,"featured_media":0,"comment_status":"closed","ping_status":"closed","sticky":false,"template":"","format":"standard","meta":{"_exactmetrics_skip_tracking":false},"categories":[2],"tags":[],"jetpack_featured_media_url":"","_links":{"self":[{"href":"https:\/\/www.verdadeon.com.br\/obituario\/index.php?rest_route=\/wp\/v2\/posts\/4135"}],"collection":[{"href":"https:\/\/www.verdadeon.com.br\/obituario\/index.php?rest_route=\/wp\/v2\/posts"}],"about":[{"href":"https:\/\/www.verdadeon.com.br\/obituario\/index.php?rest_route=\/wp\/v2\/types\/post"}],"author":[{"embeddable":true,"href":"https:\/\/www.verdadeon.com.br\/obituario\/index.php?rest_route=\/wp\/v2\/users\/1"}],"replies":[{"embeddable":true,"href":"https:\/\/www.verdadeon.com.br\/obituario\/index.php?rest_route=%2Fwp%2Fv2%2Fcomments&post=4135"}],"version-history":[{"count":1,"href":"https:\/\/www.verdadeon.com.br\/obituario\/index.php?rest_route=\/wp\/v2\/posts\/4135\/revisions"}],"predecessor-version":[{"id":4136,"href":"https:\/\/www.verdadeon.com.br\/obituario\/index.php?rest_route=\/wp\/v2\/posts\/4135\/revisions\/4136"}],"wp:attachment":[{"href":"https:\/\/www.verdadeon.com.br\/obituario\/index.php?rest_route=%2Fwp%2Fv2%2Fmedia&parent=4135"}],"wp:term":[{"taxonomy":"category","embeddable":true,"href":"https:\/\/www.verdadeon.com.br\/obituario\/index.php?rest_route=%2Fwp%2Fv2%2Fcategories&post=4135"},{"taxonomy":"post_tag","embeddable":true,"href":"https:\/\/www.verdadeon.com.br\/obituario\/index.php?rest_route=%2Fwp%2Fv2%2Ftags&post=4135"}],"curies":[{"name":"wp","href":"https:\/\/api.w.org\/{rel}","templated":true}]}}