{"id":4160,"date":"2022-09-26T13:03:01","date_gmt":"2022-09-26T16:03:01","guid":{"rendered":"https:\/\/www.verdadeon.com.br\/obituario\/?p=4160"},"modified":"2022-09-26T13:03:01","modified_gmt":"2022-09-26T16:03:01","slug":"eduardo-pena-maia","status":"publish","type":"post","link":"https:\/\/www.verdadeon.com.br\/obituario\/?p=4160","title":{"rendered":"EDUARDO PENA MAIA"},"content":{"rendered":"<div id=\"dslc-theme-content\"><div id=\"dslc-theme-content-inner\"><table>\n<tbody>\n<tr>\n<td>Idade: 41<\/td>\n<\/tr>\n<tr>\n<td>Local do vel\u00f3rio: SANTO AGOSTINHO SALA 01<\/td>\n<\/tr>\n<tr>\n<td>Funer\u00e1ria: FUNER\u00c1RIA S\u00c3O FRANCISCO<\/td>\n<\/tr>\n<tr>\n<td>Cemit\u00e9rio: CEMIT\u00c9RIO PARQUE SANTO AGOSTINHO<\/td>\n<\/tr>\n<tr>\n<td><label>Hor\u00e1rio previsto do sepultamento:\u00a0<\/label>10:00<\/p>\n<p>Data: 24\/09\/2022<\/td>\n<\/tr>\n<\/tbody>\n<\/table>\n<\/div><\/div>","protected":false},"excerpt":{"rendered":"<p>Idade: 41 Local do vel\u00f3rio: SANTO AGOSTINHO SALA 01 Funer\u00e1ria: FUNER\u00c1RIA S\u00c3O FRANCISCO Cemit\u00e9rio: CEMIT\u00c9RIO PARQUE SANTO AGOSTINHO Hor\u00e1rio previsto do sepultamento:\u00a010:00 Data: 24\/09\/2022<\/p>\n","protected":false},"author":1,"featured_media":0,"comment_status":"closed","ping_status":"closed","sticky":false,"template":"","format":"standard","meta":{"_exactmetrics_skip_tracking":false},"categories":[2],"tags":[],"jetpack_featured_media_url":"","_links":{"self":[{"href":"https:\/\/www.verdadeon.com.br\/obituario\/index.php?rest_route=\/wp\/v2\/posts\/4160"}],"collection":[{"href":"https:\/\/www.verdadeon.com.br\/obituario\/index.php?rest_route=\/wp\/v2\/posts"}],"about":[{"href":"https:\/\/www.verdadeon.com.br\/obituario\/index.php?rest_route=\/wp\/v2\/types\/post"}],"author":[{"embeddable":true,"href":"https:\/\/www.verdadeon.com.br\/obituario\/index.php?rest_route=\/wp\/v2\/users\/1"}],"replies":[{"embeddable":true,"href":"https:\/\/www.verdadeon.com.br\/obituario\/index.php?rest_route=%2Fwp%2Fv2%2Fcomments&post=4160"}],"version-history":[{"count":1,"href":"https:\/\/www.verdadeon.com.br\/obituario\/index.php?rest_route=\/wp\/v2\/posts\/4160\/revisions"}],"predecessor-version":[{"id":4161,"href":"https:\/\/www.verdadeon.com.br\/obituario\/index.php?rest_route=\/wp\/v2\/posts\/4160\/revisions\/4161"}],"wp:attachment":[{"href":"https:\/\/www.verdadeon.com.br\/obituario\/index.php?rest_route=%2Fwp%2Fv2%2Fmedia&parent=4160"}],"wp:term":[{"taxonomy":"category","embeddable":true,"href":"https:\/\/www.verdadeon.com.br\/obituario\/index.php?rest_route=%2Fwp%2Fv2%2Fcategories&post=4160"},{"taxonomy":"post_tag","embeddable":true,"href":"https:\/\/www.verdadeon.com.br\/obituario\/index.php?rest_route=%2Fwp%2Fv2%2Ftags&post=4160"}],"curies":[{"name":"wp","href":"https:\/\/api.w.org\/{rel}","templated":true}]}}