{"id":4228,"date":"2022-09-27T15:55:46","date_gmt":"2022-09-27T18:55:46","guid":{"rendered":"https:\/\/www.verdadeon.com.br\/obituario\/?p=4228"},"modified":"2022-09-27T15:55:46","modified_gmt":"2022-09-27T18:55:46","slug":"natanael-donizete-moreira","status":"publish","type":"post","link":"https:\/\/www.verdadeon.com.br\/obituario\/?p=4228","title":{"rendered":"NATANAEL DONIZETE MOREIRA"},"content":{"rendered":"<div id=\"dslc-theme-content\"><div id=\"dslc-theme-content-inner\"><p>Idade: 67<\/p>\n<p>Local do vel\u00f3rio: RUA JORGE MATAR N:960<\/p>\n<p>Funer\u00e1ria: FUNER\u00c1RIA S\u00c3O FRANCISCO<\/p>\n<p>Cemit\u00e9rio: CEMIT\u00c9RIO PARQUE SANTO AGOSTINHO<\/p>\n<p><label>Hor\u00e1rio previsto do sepultamento:\u00a0<\/label>15:00<\/p>\n<p>Data: 28\/09\/2022<\/p>\n<\/div><\/div>","protected":false},"excerpt":{"rendered":"<p>Idade: 67 Local do vel\u00f3rio: RUA JORGE MATAR N:960 Funer\u00e1ria: FUNER\u00c1RIA S\u00c3O FRANCISCO Cemit\u00e9rio: CEMIT\u00c9RIO PARQUE SANTO AGOSTINHO Hor\u00e1rio previsto do sepultamento:\u00a015:00 Data: 28\/09\/2022<\/p>\n","protected":false},"author":1,"featured_media":0,"comment_status":"closed","ping_status":"closed","sticky":false,"template":"","format":"standard","meta":{"_exactmetrics_skip_tracking":false},"categories":[2],"tags":[],"jetpack_featured_media_url":"","_links":{"self":[{"href":"https:\/\/www.verdadeon.com.br\/obituario\/index.php?rest_route=\/wp\/v2\/posts\/4228"}],"collection":[{"href":"https:\/\/www.verdadeon.com.br\/obituario\/index.php?rest_route=\/wp\/v2\/posts"}],"about":[{"href":"https:\/\/www.verdadeon.com.br\/obituario\/index.php?rest_route=\/wp\/v2\/types\/post"}],"author":[{"embeddable":true,"href":"https:\/\/www.verdadeon.com.br\/obituario\/index.php?rest_route=\/wp\/v2\/users\/1"}],"replies":[{"embeddable":true,"href":"https:\/\/www.verdadeon.com.br\/obituario\/index.php?rest_route=%2Fwp%2Fv2%2Fcomments&post=4228"}],"version-history":[{"count":1,"href":"https:\/\/www.verdadeon.com.br\/obituario\/index.php?rest_route=\/wp\/v2\/posts\/4228\/revisions"}],"predecessor-version":[{"id":4229,"href":"https:\/\/www.verdadeon.com.br\/obituario\/index.php?rest_route=\/wp\/v2\/posts\/4228\/revisions\/4229"}],"wp:attachment":[{"href":"https:\/\/www.verdadeon.com.br\/obituario\/index.php?rest_route=%2Fwp%2Fv2%2Fmedia&parent=4228"}],"wp:term":[{"taxonomy":"category","embeddable":true,"href":"https:\/\/www.verdadeon.com.br\/obituario\/index.php?rest_route=%2Fwp%2Fv2%2Fcategories&post=4228"},{"taxonomy":"post_tag","embeddable":true,"href":"https:\/\/www.verdadeon.com.br\/obituario\/index.php?rest_route=%2Fwp%2Fv2%2Ftags&post=4228"}],"curies":[{"name":"wp","href":"https:\/\/api.w.org\/{rel}","templated":true}]}}