{"id":4232,"date":"2022-09-29T13:30:16","date_gmt":"2022-09-29T16:30:16","guid":{"rendered":"https:\/\/www.verdadeon.com.br\/obituario\/?p=4232"},"modified":"2022-09-29T13:31:10","modified_gmt":"2022-09-29T16:31:10","slug":"maria-marta-gea-dos-santos","status":"publish","type":"post","link":"https:\/\/www.verdadeon.com.br\/obituario\/?p=4232","title":{"rendered":"MARIA MARTA GEA DOS SANTOS"},"content":{"rendered":"<div id=\"dslc-theme-content\"><div id=\"dslc-theme-content-inner\"><table>\n<tbody>\n<tr>\n<td>Idade:<\/td>\n<\/tr>\n<tr>\n<td>Local do vel\u00f3rio:<\/td>\n<\/tr>\n<tr>\n<td>Funer\u00e1ria: FUNER\u00c1RIA NOVA FRANCA<\/td>\n<\/tr>\n<tr>\n<td>Cemit\u00e9rio: CEMIT\u00c9RIO PARQUE SANTO AGOSTINHO<\/td>\n<\/tr>\n<tr>\n<td><label>Hor\u00e1rio previsto do sepultamento:\u00a0<\/label>15:10<\/p>\n<p>Data: 28\/09\/2022<\/td>\n<\/tr>\n<\/tbody>\n<\/table>\n<\/div><\/div>","protected":false},"excerpt":{"rendered":"<p>Idade: Local do vel\u00f3rio: Funer\u00e1ria: FUNER\u00c1RIA NOVA FRANCA Cemit\u00e9rio: CEMIT\u00c9RIO PARQUE SANTO AGOSTINHO Hor\u00e1rio previsto do sepultamento:\u00a015:10 Data: 28\/09\/2022<\/p>\n","protected":false},"author":1,"featured_media":0,"comment_status":"closed","ping_status":"closed","sticky":false,"template":"","format":"standard","meta":{"_exactmetrics_skip_tracking":false},"categories":[2],"tags":[],"jetpack_featured_media_url":"","_links":{"self":[{"href":"https:\/\/www.verdadeon.com.br\/obituario\/index.php?rest_route=\/wp\/v2\/posts\/4232"}],"collection":[{"href":"https:\/\/www.verdadeon.com.br\/obituario\/index.php?rest_route=\/wp\/v2\/posts"}],"about":[{"href":"https:\/\/www.verdadeon.com.br\/obituario\/index.php?rest_route=\/wp\/v2\/types\/post"}],"author":[{"embeddable":true,"href":"https:\/\/www.verdadeon.com.br\/obituario\/index.php?rest_route=\/wp\/v2\/users\/1"}],"replies":[{"embeddable":true,"href":"https:\/\/www.verdadeon.com.br\/obituario\/index.php?rest_route=%2Fwp%2Fv2%2Fcomments&post=4232"}],"version-history":[{"count":1,"href":"https:\/\/www.verdadeon.com.br\/obituario\/index.php?rest_route=\/wp\/v2\/posts\/4232\/revisions"}],"predecessor-version":[{"id":4233,"href":"https:\/\/www.verdadeon.com.br\/obituario\/index.php?rest_route=\/wp\/v2\/posts\/4232\/revisions\/4233"}],"wp:attachment":[{"href":"https:\/\/www.verdadeon.com.br\/obituario\/index.php?rest_route=%2Fwp%2Fv2%2Fmedia&parent=4232"}],"wp:term":[{"taxonomy":"category","embeddable":true,"href":"https:\/\/www.verdadeon.com.br\/obituario\/index.php?rest_route=%2Fwp%2Fv2%2Fcategories&post=4232"},{"taxonomy":"post_tag","embeddable":true,"href":"https:\/\/www.verdadeon.com.br\/obituario\/index.php?rest_route=%2Fwp%2Fv2%2Ftags&post=4232"}],"curies":[{"name":"wp","href":"https:\/\/api.w.org\/{rel}","templated":true}]}}