{"id":4238,"date":"2022-09-29T13:34:32","date_gmt":"2022-09-29T16:34:32","guid":{"rendered":"https:\/\/www.verdadeon.com.br\/obituario\/?p=4238"},"modified":"2022-09-29T13:34:32","modified_gmt":"2022-09-29T16:34:32","slug":"pedro-arthur-santos-cassarotti","status":"publish","type":"post","link":"https:\/\/www.verdadeon.com.br\/obituario\/?p=4238","title":{"rendered":"PEDRO ARTHUR SANTOS CASSAROTTI"},"content":{"rendered":"<div id=\"dslc-theme-content\"><div id=\"dslc-theme-content-inner\"><table>\n<tbody>\n<tr>\n<td>Idade: 13 ANOS<\/td>\n<\/tr>\n<tr>\n<td>Local do vel\u00f3rio: S\u00c3O VICENTE SALA 11<\/td>\n<\/tr>\n<tr>\n<td>Funer\u00e1ria: FUNER\u00c1RIA SANTA BARBARA<\/td>\n<\/tr>\n<tr>\n<td>Cemit\u00e9rio: CEMIT\u00c9RIO JARDIM DAS OLIVEIRAS<\/td>\n<\/tr>\n<tr>\n<td><label>Hor\u00e1rio previsto do sepultamento:\u00a0<\/label>16:00<\/p>\n<p>Data: 28\/09\/2022<\/td>\n<\/tr>\n<\/tbody>\n<\/table>\n<\/div><\/div>","protected":false},"excerpt":{"rendered":"<p>Idade: 13 ANOS Local do vel\u00f3rio: S\u00c3O VICENTE SALA 11 Funer\u00e1ria: FUNER\u00c1RIA SANTA BARBARA Cemit\u00e9rio: CEMIT\u00c9RIO JARDIM DAS OLIVEIRAS Hor\u00e1rio previsto do sepultamento:\u00a016:00 Data: 28\/09\/2022<\/p>\n","protected":false},"author":1,"featured_media":0,"comment_status":"closed","ping_status":"closed","sticky":false,"template":"","format":"standard","meta":{"_exactmetrics_skip_tracking":false},"categories":[2],"tags":[],"jetpack_featured_media_url":"","_links":{"self":[{"href":"https:\/\/www.verdadeon.com.br\/obituario\/index.php?rest_route=\/wp\/v2\/posts\/4238"}],"collection":[{"href":"https:\/\/www.verdadeon.com.br\/obituario\/index.php?rest_route=\/wp\/v2\/posts"}],"about":[{"href":"https:\/\/www.verdadeon.com.br\/obituario\/index.php?rest_route=\/wp\/v2\/types\/post"}],"author":[{"embeddable":true,"href":"https:\/\/www.verdadeon.com.br\/obituario\/index.php?rest_route=\/wp\/v2\/users\/1"}],"replies":[{"embeddable":true,"href":"https:\/\/www.verdadeon.com.br\/obituario\/index.php?rest_route=%2Fwp%2Fv2%2Fcomments&post=4238"}],"version-history":[{"count":1,"href":"https:\/\/www.verdadeon.com.br\/obituario\/index.php?rest_route=\/wp\/v2\/posts\/4238\/revisions"}],"predecessor-version":[{"id":4239,"href":"https:\/\/www.verdadeon.com.br\/obituario\/index.php?rest_route=\/wp\/v2\/posts\/4238\/revisions\/4239"}],"wp:attachment":[{"href":"https:\/\/www.verdadeon.com.br\/obituario\/index.php?rest_route=%2Fwp%2Fv2%2Fmedia&parent=4238"}],"wp:term":[{"taxonomy":"category","embeddable":true,"href":"https:\/\/www.verdadeon.com.br\/obituario\/index.php?rest_route=%2Fwp%2Fv2%2Fcategories&post=4238"},{"taxonomy":"post_tag","embeddable":true,"href":"https:\/\/www.verdadeon.com.br\/obituario\/index.php?rest_route=%2Fwp%2Fv2%2Ftags&post=4238"}],"curies":[{"name":"wp","href":"https:\/\/api.w.org\/{rel}","templated":true}]}}