{"id":4289,"date":"2022-10-04T18:33:53","date_gmt":"2022-10-04T21:33:53","guid":{"rendered":"https:\/\/www.verdadeon.com.br\/obituario\/?p=4289"},"modified":"2022-10-04T18:33:53","modified_gmt":"2022-10-04T21:33:53","slug":"neide-maria-de-oliveira-vianud","status":"publish","type":"post","link":"https:\/\/www.verdadeon.com.br\/obituario\/?p=4289","title":{"rendered":"NEIDE MARIA DE OLIVEIRA VIANUD"},"content":{"rendered":"<div id=\"dslc-theme-content\"><div id=\"dslc-theme-content-inner\"><p>Idade: 66<\/p>\n<p>Local do vel\u00f3rio: VEL\u00d3RIO MUNICIPAL SANTO AGOSTINHO &#8211; SALA 02 [12:00 \u00e0s 16:00]<\/p>\n<p>Funer\u00e1ria: FUNER\u00c1RIA S\u00c3O FRANCISCO<\/p>\n<p>Cemit\u00e9rio: CEMIT\u00c9RIO PARQUE SANTO AGOSTINHO<\/p>\n<p><label>Hor\u00e1rio previsto do sepultamento:\u00a0<\/label>16:00<\/p>\n<p>Data: 04\/10\/2022<\/p>\n<\/div><\/div>","protected":false},"excerpt":{"rendered":"<p>Idade: 66 Local do vel\u00f3rio: VEL\u00d3RIO MUNICIPAL SANTO AGOSTINHO &#8211; SALA 02 [12:00 \u00e0s 16:00] Funer\u00e1ria: FUNER\u00c1RIA S\u00c3O FRANCISCO Cemit\u00e9rio: CEMIT\u00c9RIO PARQUE SANTO AGOSTINHO Hor\u00e1rio previsto do sepultamento:\u00a016:00 Data: 04\/10\/2022<\/p>\n","protected":false},"author":1,"featured_media":0,"comment_status":"closed","ping_status":"closed","sticky":false,"template":"","format":"standard","meta":{"_exactmetrics_skip_tracking":false},"categories":[2],"tags":[],"jetpack_featured_media_url":"","_links":{"self":[{"href":"https:\/\/www.verdadeon.com.br\/obituario\/index.php?rest_route=\/wp\/v2\/posts\/4289"}],"collection":[{"href":"https:\/\/www.verdadeon.com.br\/obituario\/index.php?rest_route=\/wp\/v2\/posts"}],"about":[{"href":"https:\/\/www.verdadeon.com.br\/obituario\/index.php?rest_route=\/wp\/v2\/types\/post"}],"author":[{"embeddable":true,"href":"https:\/\/www.verdadeon.com.br\/obituario\/index.php?rest_route=\/wp\/v2\/users\/1"}],"replies":[{"embeddable":true,"href":"https:\/\/www.verdadeon.com.br\/obituario\/index.php?rest_route=%2Fwp%2Fv2%2Fcomments&post=4289"}],"version-history":[{"count":1,"href":"https:\/\/www.verdadeon.com.br\/obituario\/index.php?rest_route=\/wp\/v2\/posts\/4289\/revisions"}],"predecessor-version":[{"id":4290,"href":"https:\/\/www.verdadeon.com.br\/obituario\/index.php?rest_route=\/wp\/v2\/posts\/4289\/revisions\/4290"}],"wp:attachment":[{"href":"https:\/\/www.verdadeon.com.br\/obituario\/index.php?rest_route=%2Fwp%2Fv2%2Fmedia&parent=4289"}],"wp:term":[{"taxonomy":"category","embeddable":true,"href":"https:\/\/www.verdadeon.com.br\/obituario\/index.php?rest_route=%2Fwp%2Fv2%2Fcategories&post=4289"},{"taxonomy":"post_tag","embeddable":true,"href":"https:\/\/www.verdadeon.com.br\/obituario\/index.php?rest_route=%2Fwp%2Fv2%2Ftags&post=4289"}],"curies":[{"name":"wp","href":"https:\/\/api.w.org\/{rel}","templated":true}]}}